{"id":318,"date":"2025-11-11T19:03:01","date_gmt":"2025-11-11T19:03:01","guid":{"rendered":"https:\/\/arsur.es\/?p=318"},"modified":"2025-11-11T19:03:04","modified_gmt":"2025-11-11T19:03:04","slug":"posicionamiento-conjunto-de-la-sociedad-espanola-de-radiologia-medica-seram-y-asociacion-de-radiologos-del-sur-ars-sobre-los-programas-de-deteccion-precoz-del-cancer-de-mama","status":"publish","type":"post","link":"https:\/\/arsur.es\/index.php\/2025\/11\/11\/posicionamiento-conjunto-de-la-sociedad-espanola-de-radiologia-medica-seram-y-asociacion-de-radiologos-del-sur-ars-sobre-los-programas-de-deteccion-precoz-del-cancer-de-mama\/","title":{"rendered":"Posicionamiento conjunto de la Sociedad Espa\u00f1ola de Radiolog\u00eda M\u00e9dica (SERAM) y Asociaci\u00f3n de Radi\u00f3logos del Sur (ARS) sobre los Programas de Detecci\u00f3n Precoz del C\u00e1ncer de Mama"},"content":{"rendered":"\t\t<div data-elementor-type=\"wp-post\" data-elementor-id=\"318\" class=\"elementor elementor-318\">\n\t\t\t\t\t\t<section class=\"elementor-section elementor-top-section elementor-element elementor-element-8bc5dbb elementor-section-boxed elementor-section-height-default elementor-section-height-default\" data-id=\"8bc5dbb\" data-element_type=\"section\">\n\t\t\t\t\t\t<div class=\"elementor-container elementor-column-gap-default\">\n\t\t\t\t\t<div class=\"elementor-column elementor-col-100 elementor-top-column elementor-element elementor-element-1dda512\" data-id=\"1dda512\" data-element_type=\"column\">\n\t\t\t<div class=\"elementor-widget-wrap elementor-element-populated\">\n\t\t\t\t\t\t<div class=\"elementor-element elementor-element-43ae195 elementor-widget elementor-widget-text-editor\" data-id=\"43ae195\" data-element_type=\"widget\" data-widget_type=\"text-editor.default\">\n\t\t\t\t<div class=\"elementor-widget-container\">\n\t\t\t<style>\/*! elementor - v3.21.0 - 15-04-2024 *\/\n.elementor-widget-text-editor.elementor-drop-cap-view-stacked .elementor-drop-cap{background-color:#69727d;color:#fff}.elementor-widget-text-editor.elementor-drop-cap-view-framed .elementor-drop-cap{color:#69727d;border:3px solid;background-color:transparent}.elementor-widget-text-editor:not(.elementor-drop-cap-view-default) .elementor-drop-cap{margin-top:8px}.elementor-widget-text-editor:not(.elementor-drop-cap-view-default) .elementor-drop-cap-letter{width:1em;height:1em}.elementor-widget-text-editor .elementor-drop-cap{float:left;text-align:center;line-height:1;font-size:50px}.elementor-widget-text-editor .elementor-drop-cap-letter{display:inline-block}<\/style>\t\t\t\t<p style=\"margin: 0cm 0cm 9pt; background-image: initial; background-position: initial; background-size: initial; background-repeat: initial; background-attachment: initial; background-origin: initial; background-clip: initial; text-align: left;\"><span style=\"font-size: 14.0pt; font-family: 'Calibri',sans-serif; color: #222222;\">Ante las noticias recientes relacionadas&nbsp;con el Programa de Detecci\u00f3n Precoz del C\u00e1ncer de Mama en Andaluc\u00eda, la&nbsp;Sociedad Espa\u00f1ola de Radiolog\u00eda M\u00e9dica (SERAM) y la Asociaci\u00f3n Radi\u00f3logos del&nbsp;Sur (ARS), desean subrayar que <b>la responsabilidad y gesti\u00f3n de estos programas corresponde a las autoridades sanitarias competentes<\/b>,&nbsp;habitualmente en el \u00e1mbito de salud p\u00fablica.<\/span><\/p>\n<p style=\"margin: 0cm 0cm 9pt; text-align: justify; background-image: initial; background-position: initial; background-size: initial; background-repeat: initial; background-attachment: initial; background-origin: initial; background-clip: initial;\"><b><span style=\"font-size: 14.0pt; font-family: 'Calibri',sans-serif; color: #222222;\">Los radi\u00f3logos desempe\u00f1an un&nbsp;papel esencial y especializado en todas las fases del programa<\/span><\/b><span style=\"font-size: 14.0pt; font-family: 'Calibri',sans-serif; color: #222222;\">: desde&nbsp;la supervisi\u00f3n t\u00e9cnica y la lectura de las mamograf\u00edas hasta la validaci\u00f3n de&nbsp;los hallazgos y la coordinaci\u00f3n del proceso diagn\u00f3stico en caso de sospecha. <b>Su&nbsp;participaci\u00f3n garantiza que los procedimientos se realicen con los m\u00e1s altos&nbsp;est\u00e1ndares de calidad, seguridad y rigor cient\u00edfico<\/b>, contribuyendo de forma&nbsp;decisiva a la eficacia y credibilidad del cribado poblacional.<\/span><\/p>\n<p style=\"margin: 0cm 0cm 9pt; text-align: justify; background-image: initial; background-position: initial; background-size: initial; background-repeat: initial; background-attachment: initial; background-origin: initial; background-clip: initial;\"><b><span style=\"font-size: 14.0pt; font-family: 'Calibri',sans-serif; color: #222222;\">La SERAM y la ARS quieren poner&nbsp;en valor la formaci\u00f3n, experiencia y compromiso de los radi\u00f3logos que trabajan&nbsp;en los programas de detecci\u00f3n precoz<\/span><\/b><span style=\"font-size: 14.0pt; font-family: 'Calibri',sans-serif; color: #222222;\">, muchas veces en entornos de&nbsp;alta presi\u00f3n asistencial y con recursos limitados. Su labor constituye un pilar&nbsp;fundamental de la salud p\u00fablica y un ejemplo de profesionalidad y servicio a la&nbsp;ciudadan\u00eda.<\/span><\/p>\n<p style=\"margin: 0cm 0cm 9pt; text-align: justify; background-image: initial; background-position: initial; background-size: initial; background-repeat: initial; background-attachment: initial; background-origin: initial; background-clip: initial;\"><b><span style=\"font-size: 14.0pt; font-family: 'Calibri',sans-serif; color: #222222;\">Las SERAM y la ARS reafirman su&nbsp;respaldo firme a todos los radi\u00f3logos implicados en estos Programas<\/span><\/b><span style=\"font-size: 14.0pt; font-family: 'Calibri',sans-serif; color: #222222;\"> y su&nbsp;disposici\u00f3n a colaborar con las administraciones sanitarias para asegurar que&nbsp;los programas de cribado mantengan los niveles de excelencia alcanzados en<br>nuestro pa\u00eds, as\u00ed como la confianza de la poblaci\u00f3n en un sistema de prevenci\u00f3n&nbsp;que salva vidas y refleja el compromiso colectivo con la salud de las mujeres.<\/span><\/p>\n<p style=\"margin: 0cm 0cm 9pt; text-align: justify; background-image: initial; background-position: initial; background-size: initial; background-repeat: initial; background-attachment: initial; background-origin: initial; background-clip: initial;\"><span style=\"font-family: 'Calibri',sans-serif; color: #222222;\">&nbsp;<\/span><\/p>\n<p style=\"margin: 0cm; text-align: justify; line-height: 115%; background-image: initial; background-position: initial; background-size: initial; background-repeat: initial; background-attachment: initial; background-origin: initial; background-clip: initial;\"><b><span style=\"font-family: 'Calibri',sans-serif; color: #242424;\">Sobre SERAM <\/span><\/b><\/p>\n<p style=\"margin: 0cm; text-align: justify; line-height: 115%; background-image: initial; background-position: initial; background-size: initial; background-repeat: initial; background-attachment: initial; background-origin: initial; background-clip: initial;\"><span style=\"font-family: 'Calibri',sans-serif; color: #242424;\">La <\/span><span style=\"color: black; mso-color-alt: windowtext;\"><a href=\"http:\/\/www.seram.es\/\"><span style=\"font-family: Calibri, sans-serif; color: #242424;\">Sociedad Espa\u00f1ola de Radiolog\u00eda M\u00e9dica (SERAM)<\/span><\/a><\/span><span style=\"font-family: 'Calibri',sans-serif; color: #242424;\"> es una sociedad&nbsp;cient\u00edfica sin \u00e1nimo de lucro que agrupa a los profesionales de la radiolog\u00eda&nbsp;espa\u00f1oles. Est\u00e1 formada por m\u00e1s de 6.000 m\u00e9dicos especialistas en&nbsp;radiodiagn\u00f3stico que trabajan en la sanidad de todo el Estado espa\u00f1ol. Adem\u00e1s&nbsp;de tener una organizaci\u00f3n territorial, la SERAM se configura en distintas&nbsp;secciones relacionadas con las \u00e1reas de trabajo de la especialidad: urgencias,&nbsp;neurorradiolog\u00eda, m\u00fasculo-esquel\u00e9tica, ultrasonidos, abdomen, mama, formaci\u00f3n&nbsp;pre y posgrado, radiolog\u00eda vascular e intervencionista, radiolog\u00eda pedi\u00e1trica,&nbsp;imagen cardiotor\u00e1cica, y gesti\u00f3n y calidad.<\/span><\/p>\n<p style=\"margin: 0cm; text-align: justify; line-height: 115%; background-image: initial; background-position: initial; background-size: initial; background-repeat: initial; background-attachment: initial; background-origin: initial; background-clip: initial;\"><span style=\"font-family: 'Calibri',sans-serif; color: #242424;\">&nbsp;<\/span><\/p>\n<p style=\"margin: 0cm; text-align: justify; line-height: 115%; background-image: initial; background-position: initial; background-size: initial; background-repeat: initial; background-attachment: initial; background-origin: initial; background-clip: initial;\"><b><u><span style=\"font-family: 'Calibri',sans-serif; color: #242424;\">Contacto Prensa:<\/span><\/u><\/b><\/p>\n<p style=\"margin: 0cm; text-align: justify; line-height: 115%; background-image: initial; background-position: initial; background-size: initial; background-repeat: initial; background-attachment: initial; background-origin: initial; background-clip: initial;\"><span style=\"font-family: 'Calibri',sans-serif; color: #242424;\">Ainoa Santonja &#8211; jefa de&nbsp;prensa de la SERAM<\/span><\/p>\n<p class=\"MsoNormal\" style=\"line-height: 115%; background-image: initial; background-position: initial; background-size: initial; background-repeat: initial; background-attachment: initial; background-origin: initial; background-clip: initial;\"><span style=\"color: black; mso-color-alt: windowtext;\"><a href=\"mailto:prensa@seram.es\"><span style=\"font-family: 'Calibri',sans-serif;\">prensa@seram.es<\/span><\/a><\/span><\/p>\n<p class=\"MsoNormal\" style=\"line-height: 115%; background-image: initial; background-position: initial; background-size: initial; background-repeat: initial; background-attachment: initial; background-origin: initial; background-clip: initial;\"><span style=\"color: #242424; font-family: Calibri, sans-serif; text-align: justify;\">Tel:&nbsp;&nbsp; + 34&nbsp;690 84 82 57&nbsp;<\/span><\/p>\t\t\t\t\t\t<\/div>\n\t\t\t\t<\/div>\n\t\t\t\t\t<\/div>\n\t\t<\/div>\n\t\t\t\t\t<\/div>\n\t\t<\/section>\n\t\t\t\t<section class=\"elementor-section elementor-top-section elementor-element elementor-element-524336b elementor-section-boxed elementor-section-height-default elementor-section-height-default\" data-id=\"524336b\" data-element_type=\"section\">\n\t\t\t\t\t\t<div class=\"elementor-container elementor-column-gap-default\">\n\t\t\t\t\t<div class=\"elementor-column elementor-col-100 elementor-top-column elementor-element elementor-element-ca51fa0\" data-id=\"ca51fa0\" data-element_type=\"column\">\n\t\t\t<div class=\"elementor-widget-wrap elementor-element-populated\">\n\t\t\t\t\t\t<div class=\"elementor-element elementor-element-79dab43 elementor-widget elementor-widget-button\" data-id=\"79dab43\" data-element_type=\"widget\" data-widget_type=\"button.default\">\n\t\t\t\t<div class=\"elementor-widget-container\">\n\t\t\t\t\t<div class=\"elementor-button-wrapper\">\n\t\t\t<a class=\"elementor-button elementor-button-link elementor-size-sm\" href=\"https:\/\/arsur.es\/wp-content\/uploads\/2025\/11\/Posicionamiento-conjunto-SERAM-ARS_.pdf\">\n\t\t\t\t\t\t<span class=\"elementor-button-content-wrapper\">\n\t\t\t\t\t\t\t\t\t<span class=\"elementor-button-text\">Posicionamiento SERAM - ARS<\/span>\n\t\t\t\t\t<\/span>\n\t\t\t\t\t<\/a>\n\t\t<\/div>\n\t\t\t\t<\/div>\n\t\t\t\t<\/div>\n\t\t\t\t\t<\/div>\n\t\t<\/div>\n\t\t\t\t\t<\/div>\n\t\t<\/section>\n\t\t\t\t<\/div>\n\t\t","protected":false},"excerpt":{"rendered":"<p>Ante las noticias recientes relacionadas&nbsp;con el Programa de Detecci\u00f3n Precoz del C\u00e1ncer de Mama en Andaluc\u00eda, la&nbsp;Sociedad Espa\u00f1ola de Radiolog\u00eda M\u00e9dica (SERAM) y la Asociaci\u00f3n Radi\u00f3logos del&nbsp;Sur (ARS), desean subrayar que la responsabilidad y gesti\u00f3n de estos programas corresponde a las autoridades sanitarias competentes,&nbsp;habitualmente en el \u00e1mbito de salud p\u00fablica. Los radi\u00f3logos desempe\u00f1an un&nbsp;papel esencial&#8230;<\/p>\n","protected":false},"author":1,"featured_media":0,"comment_status":"closed","ping_status":"closed","sticky":false,"template":"","format":"standard","meta":[],"categories":[1],"tags":[],"_links":{"self":[{"href":"https:\/\/arsur.es\/index.php\/wp-json\/wp\/v2\/posts\/318"}],"collection":[{"href":"https:\/\/arsur.es\/index.php\/wp-json\/wp\/v2\/posts"}],"about":[{"href":"https:\/\/arsur.es\/index.php\/wp-json\/wp\/v2\/types\/post"}],"author":[{"embeddable":true,"href":"https:\/\/arsur.es\/index.php\/wp-json\/wp\/v2\/users\/1"}],"replies":[{"embeddable":true,"href":"https:\/\/arsur.es\/index.php\/wp-json\/wp\/v2\/comments?post=318"}],"version-history":[{"count":11,"href":"https:\/\/arsur.es\/index.php\/wp-json\/wp\/v2\/posts\/318\/revisions"}],"predecessor-version":[{"id":331,"href":"https:\/\/arsur.es\/index.php\/wp-json\/wp\/v2\/posts\/318\/revisions\/331"}],"wp:attachment":[{"href":"https:\/\/arsur.es\/index.php\/wp-json\/wp\/v2\/media?parent=318"}],"wp:term":[{"taxonomy":"category","embeddable":true,"href":"https:\/\/arsur.es\/index.php\/wp-json\/wp\/v2\/categories?post=318"},{"taxonomy":"post_tag","embeddable":true,"href":"https:\/\/arsur.es\/index.php\/wp-json\/wp\/v2\/tags?post=318"}],"curies":[{"name":"wp","href":"https:\/\/api.w.org\/{rel}","templated":true}]}}